{"id":1525,"date":"2023-02-11T17:20:10","date_gmt":"2023-02-11T17:20:10","guid":{"rendered":"https:\/\/freiebaptistenkw.de\/?p=1525"},"modified":"2023-02-11T17:20:10","modified_gmt":"2023-02-11T17:20:10","slug":"das-gericht-der-heidenvoelker","status":"publish","type":"post","link":"https:\/\/freiebaptistenkw.de\/index.php\/2023\/02\/11\/das-gericht-der-heidenvoelker\/","title":{"rendered":"Das Gericht der Heidenv\u00f6lker"},"content":{"rendered":"<h1>Matth\u00e4us 25,31-46<\/h1>\n<p><a href=\"https:\/\/youtube.com\/live\/rC-9CTe1LEE?feature=share\">auf YouTube live anschauen um 11 Uhr<\/a><\/p>\n<blockquote><p><sup>31<\/sup> Wenn aber der Sohn des Menschen in seiner Herrlichkeit kommen wird und alle heiligen Engel mit ihm, dann wird er auf dem Thron seiner Herrlichkeit sitzen,<br \/>\n<sup>32<\/sup> und vor ihm werden alle Heidenv\u00f6lker versammelt werden. Und er wird sie voneinander scheiden, wie ein Hirte die Schafe von den B\u00f6cken scheidet,<br \/>\n<sup>33<\/sup> und er wird die Schafe zu seiner Rechten stellen, die B\u00f6cke aber zu seiner Linken.<\/p><\/blockquote>\n<h3>Der Name des Richters<\/h3>\n<p style=\"padding-left: 40px;\">Siehe, es kommen Tage, spricht der HERR, da werde ich dem David einen gerechten Spross erwecken; der wird als K\u00f6nig regieren und weise handeln und wird Recht und Gerechtigkeit schaffen auf Erden. In seinen Tagen wird Juda gerettet werden und Israel sicher wohnen; und das ist der Name, den man ihm geben wird: \u00bbDer HERR ist unsere Gerechtigkeit\u00ab. \u2013 Jeremia 23,5-6<\/p>\n<h3>Der Zeitpunkt des Gerichts<\/h3>\n<p style=\"padding-left: 40px;\">Bald aber nach der Drangsal jener Tage wird die Sonne verfinstert werden, und der Mond wird seinen Schein nicht geben, und die Sterne werden vom Himmel fallen und die Kr\u00e4fte des Himmels ersch\u00fcttert werden. Und dann wird das Zeichen des Menschensohnes am Himmel erscheinen, und dann werden sich alle Geschlechter der Erde an die Brust schlagen, und sie werden den Sohn des Menschen kommen sehen auf den Wolken des Himmels mit gro\u00dfer Kraft und Herrlichkeit. Und er wird seine Engel aussenden mit starkem Posaunenschall, und sie werden seine Auserw\u00e4hlten versammeln von den vier Windrichtungen her, von einem Ende des Himmels bis zum anderen. \u2013 Matth\u00e4us 24,29-31<\/p>\n<h3>Die V\u00f6lker, die gerichtet sind<\/h3>\n<ul>\n<li style=\"list-style-type: none;\">\n<ul>\n<li>Die Gemeinde wird dabei sein, aber nicht, um gerichtet zu werden, da sie bereits unmittelbar nach der Entr\u00fcckung der Gemeinde vor dem Richterstuhl Christi im Himmel gerichtet wurde. (R\u00f6mer 14-10-12; 1. Korinther 3,10-13)<\/li>\n<li>Das hebr\u00e4ische Volk wird auch dabei sein, wird aber zu dieser bestimmten Zeit nicht gerichtet, da es bereits in der W\u00fcste gerichtet wurde. (Hesekiel 20,33-38; Sacharja 13,8-9)<\/li>\n<li>Es ist nicht das endg\u00fcltige Gericht aller Ungl\u00e4ubigen, da dies erst nach dem Tausendj\u00e4hrigen Reich geschehen wird. (Offenbarung 20,11-15)<\/li>\n<li>Alle Heidenv\u00f6lker, also diejenigen, die am Ende der Drangsal am Leben sind, werden gerichtet.<\/li>\n<\/ul>\n<\/li>\n<\/ul>\n<h3>Die Verfahren des Gerichts<\/h3>\n<p>Eine Trennung in zwei Gruppen.<\/p>\n<ul>\n<li style=\"list-style-type: none;\">\n<ul>\n<li>Gottes Volk, ob alttestamentliche Gl\u00e4ubige, die Gl\u00e4ubigen im Gemeindezeitalter oder Drangsal Gl\u00e4ubige, werden oft als Schafe dargestellt.<\/li>\n<\/ul>\n<\/li>\n<\/ul>\n<p style=\"padding-left: 40px;\">Denn er ist unser Gott, und wir sind das Volk seiner Weide und die Schafe seiner Hand. \u2013 Psalm 95,7a<\/p>\n<p style=\"padding-left: 40px;\">Wir alle gingen in die Irre wie Schafe, jeder wandte sich auf seinen Weg; aber der HERR warf unser aller Schuld auf ihn. \u2013 Jesaja 53,6<\/p>\n<p style=\"padding-left: 40px;\">Und ich habe noch andere Schafe, die nicht aus dieser Schafh\u00fcrde sind; auch diese muss ich f\u00fchren, und sie werden meine Stimme h\u00f6ren, und es wird eine Herde und ein Hirte sein. \u2013 Johannes 10,16<\/p>\n<p style=\"padding-left: 40px;\">Meine Schafe h\u00f6ren meine Stimme, und ich kenne sie, und sie folgen mir nach; und ich gebe ihnen ewiges Leben, und sie werden in Ewigkeit nicht verlorengehen, und niemand wird sie aus meiner Hand rei\u00dfen. Mein Vater, der sie mir gegeben hat, ist gr\u00f6\u00dfer als alle, und niemand kann sie aus der Hand meines Vaters rei\u00dfen. \u2013 Johannes 10,27-29<\/p>\n<ul>\n<li style=\"list-style-type: none;\">\n<ul>\n<li>So wie es deutliche Unterschiede zwischen dem Verhalten von Schafen und Ziegen gibt, gibt es deutliche Unterschiede zwischen Gl\u00e4ubigen und Ungl\u00e4ubigen. Die Ziegen hier repr\u00e4sentieren die Ungl\u00e4ubigen.<\/li>\n<\/ul>\n<\/li>\n<\/ul>\n<p>Eine Urteilsverk\u00fcndung<\/p>\n<ul>\n<li style=\"list-style-type: none;\">\n<ul>\n<li>Die Gerechten werden zuerst gerichtet<\/li>\n<\/ul>\n<\/li>\n<\/ul>\n<blockquote><p><sup>34<\/sup> Dann wird der K\u00f6nig denen zu seiner Rechten sagen: Kommt her, ihr Gesegneten meines Vaters, und erbt das Reich, das euch bereitet ist seit Grundlegung der Welt!<br \/>\n<sup>35<\/sup> Denn ich bin hungrig gewesen, und ihr habt mich gespeist; ich bin durstig gewesen, und ihr habt mir zu trinken gegeben; ich bin ein Fremdling gewesen, und ihr habt mich beherbergt;<br \/>\n<sup>36<\/sup> ich bin ohne Kleidung gewesen, und ihr habt mich bekleidet; ich bin krank gewesen, und ihr habt mich besucht; ich bin gefangen gewesen, und ihr seid zu mir gekommen.<br \/>\n<sup>37<\/sup> Dann werden ihm die Gerechten antworten und sagen: Herr, wann haben wir dich hungrig gesehen und haben dich gespeist, oder durstig, und haben dir zu trinken gegeben?<br \/>\n<sup>38<\/sup> Wann haben wir dich als Fremdling gesehen und haben dich beherbergt, oder ohne Kleidung, und haben dich bekleidet?<br \/>\n<sup>39<\/sup> Wann haben wir dich krank gesehen oder im Gef\u00e4ngnis, und sind zu dir gekommen?<br \/>\n<sup>40<\/sup> Und der K\u00f6nig wird ihnen antworten und sagen: Wahrlich, ich sage euch: Was ihr einem dieser meiner geringsten Br\u00fcder getan habt, das habt ihr mir getan!<\/p><\/blockquote>\n<ul>\n<li style=\"list-style-type: none;\">\n<ul>\n<li>Als n\u00e4chstes werden die Ungl\u00e4ubigen gerichtet.<\/li>\n<\/ul>\n<\/li>\n<\/ul>\n<blockquote><p><sup>41<\/sup> Dann wird er auch denen zur Linken sagen: Geht hinweg von mir, ihr Verfluchten, in das ewige Feuer, das dem Teufel und seinen Engeln bereitet ist!<br \/>\n<sup>42<\/sup> Denn ich bin hungrig gewesen, und ihr habt mich nicht gespeist; ich bin durstig gewesen, und ihr habt mir nicht zu trinken gegeben;<br \/>\n<sup>43<\/sup> ich bin ein Fremdling gewesen, und ihr habt mich nicht beherbergt; ohne Kleidung, und ihr habt mich nicht bekleidet; krank und gefangen, und ihr habt mich nicht besucht!<br \/>\n<sup>44<\/sup> Dann werden auch sie ihm antworten und sagen: Herr, wann haben wir dich hungrig oder durstig oder als Fremdling oder ohne Kleidung oder krank oder gefangen gesehen und haben dir nicht gedient?<br \/>\n<sup>45<\/sup> Dann wird er ihnen antworten: Wahrlich, ich sage euch: Was ihr einem dieser Geringsten nicht getan habt, das habt ihr mir auch nicht getan!<br \/>\n<sup>46<\/sup> Und sie werden in die ewige Strafe hingehen, die Gerechten aber in das ewige Leben.<\/p><\/blockquote>\n<h3>Die Grundlage dieses Urteils<\/h3>\n<p>Alle erretteten Menschen sind durch den Glauben errettet, egal in welchem Zeitalter sie gelebt haben.<\/p>\n<p style=\"padding-left: 40px;\">Denn aus Gnade seid ihr errettet durch den Glauben, und das nicht aus euch \u2014 Gottes Gabe ist es; nicht aus Werken, damit niemand sich r\u00fchme. Denn wir sind seine Sch\u00f6pfung, erschaffen in Christus Jesus zu guten Werken, die Gott zuvor bereitet hat, damit wir in ihnen wandeln sollen. \u2013 Epheser 2,8-10<\/p>\n<p style=\"padding-left: 40px;\">[doch] weil wir erkannt haben, dass der Mensch nicht aus Werken des Gesetzes gerechtfertigt wird, sondern durch den Glauben an Jesus Christus, so sind auch wir an Christus Jesus gl\u00e4ubig geworden, damit wir aus dem Glauben an Christus gerechtfertigt w\u00fcrden und nicht aus Werken des Gesetzes, weil aus Werken des Gesetzes kein Fleisch gerechtfertigt wird. \u2013 Galater 2,16<\/p>\n<p style=\"padding-left: 40px;\">Ihn hat Gott zum S\u00fchnopfer bestimmt, [das wirksam wird] durch den Glauben an sein Blut, um seine Gerechtigkeit zu erweisen, weil er die S\u00fcnden ungestraft lie\u00df, die zuvor geschehen waren, als Gott Zur\u00fcckhaltung \u00fcbte, um seine Gerechtigkeit in der jetzigen Zeit zu erweisen, damit er selbst gerecht sei und zugleich den rechtfertige, der aus dem Glauben an Jesus ist. Wo bleibt nun das R\u00fchmen? Es ist ausgeschlossen! Durch welches Gesetz? Das der Werke? Nein, sondern durch das Gesetz des Glaubens! So kommen wir nun zu dem Schluss, dass der Mensch durch den Glauben gerechtfertigt wird, ohne Werke des Gesetzes. Oder ist Gott nur der Gott der Juden und nicht auch der Heiden? Ja freilich, auch der Heiden! Denn es ist ja ein und derselbe Gott, der die Beschnittenen aus Glauben und die Unbeschnittenen durch den Glauben rechtfertigt. \u2013 R\u00f6mer 3,25-30<\/p>\n<p>Wenn ihre Werke sie nicht erretten k\u00f6nnen, warum werden sie dann \u00fcberhaupt erw\u00e4hnt? Die guten Werke, die sie getan haben, werden als Beweis ihres Glaubens pr\u00e4sentiert.<\/p>\n<p style=\"padding-left: 40px;\">Was hilft es, meine Br\u00fcder, wenn jemand sagt, er habe Glauben, und hat doch keine Werke? Kann ihn denn dieser Glaube retten? Wenn nun ein Bruder oder eine Schwester ohne Kleidung ist und es ihnen an der t\u00e4glichen Nahrung fehlt, und jemand von euch w\u00fcrde zu ihnen sagen: Geht hin in Frieden, w\u00e4rmt und s\u00e4ttigt euch!, aber ihr w\u00fcrdet ihnen nicht geben, was zur Befriedigung ihrer leiblichen Bed\u00fcrfnisse erforderlich ist, was w\u00fcrde das helfen? So ist es auch mit dem Glauben: Wenn er keine Werke hat, so ist er an und f\u00fcr sich tot. Da wird dann einer sagen: \u00bbDu hast Glauben, und ich habe Werke. Beweise mir doch deinen Glauben aus deinen Werken, und ich werde dir aus meinen Werken meinen Glauben beweisen!\u00ab Du glaubst, dass es nur einen Gott gibt? Du tust wohl daran! Auch die D\u00e4monen glauben es \u2014 und zittern! Willst du aber erkennen, du nichtiger Mensch, dass der Glaube ohne die Werke tot ist? Wurde nicht Abraham, unser Vater, durch Werke gerechtfertigt, als er seinen Sohn Isaak auf dem Altar darbrachte? Siehst du, dass der Glaube zusammen mit seinen Werken wirksam war und dass der Glaube durch die Werke vollkommen wurde? Und so erf\u00fcllte sich die Schrift, die spricht: \u00bbAbraham aber glaubte Gott, und das wurde ihm als Gerechtigkeit angerechnet\u00ab, und er wurde ein Freund Gottes genannt. So seht ihr nun, dass der Mensch durch Werke gerechtfertigt wird und nicht durch den Glauben allein. Ist nicht ebenso auch die Hure Rahab durch Werke gerechtfertigt worden, da sie die Boten aufnahm und auf einem anderen Weg entlie\u00df? Denn gleichwie der Leib ohne Geist tot ist, also ist auch der Glaube ohne die Werke tot. \u2013 Jakobus 2,14-26<\/p>\n<p style=\"padding-left: 40px;\">Denn Gott hat seinen Sohn nicht in die Welt gesandt, damit er die Welt richte, sondern damit die Welt durch ihn gerettet werde. Wer an ihn glaubt, wird nicht gerichtet; wer aber nicht glaubt, der ist schon gerichtet, weil er nicht an den Namen des eingeborenen Sohnes Gottes geglaubt hat. Darin aber besteht das Gericht, dass das Licht in die Welt gekommen ist, und die Menschen liebten die Finsternis mehr als das Licht; denn ihre Werke waren b\u00f6se. Denn jeder, der B\u00f6ses tut, hasst das Licht und kommt nicht zum Licht, damit seine Werke nicht aufgedeckt werden. Wer aber die Wahrheit tut, der kommt zum Licht, damit seine Werke offenbar werden, dass sie in Gott getan sind. \u2013 Johannes 3,17-21<\/p>\n<p>&nbsp;<\/p>\n<p>&nbsp;<\/p>\n<p>&nbsp;<\/p>\n","protected":false},"excerpt":{"rendered":"<p>Matth\u00e4us 25,31-46 auf YouTube live anschauen um 11 Uhr 31 Wenn aber der Sohn des Menschen in seiner Herrlichkeit kommen wird und alle heiligen Engel mit ihm, dann wird er auf dem Thron seiner Herrlichkeit sitzen, 32 und vor ihm werden alle Heidenv\u00f6lker versammelt werden. Und er wird sie voneinander scheiden, wie ein Hirte die &hellip; <\/p>\n<p class=\"link-more\"><a href=\"https:\/\/freiebaptistenkw.de\/index.php\/2023\/02\/11\/das-gericht-der-heidenvoelker\/\" class=\"more-link\"><span class=\"screen-reader-text\">\u201eDas Gericht der Heidenv\u00f6lker\u201c <\/span>weiterlesen<\/a><\/p>\n","protected":false},"author":1,"featured_media":0,"comment_status":"closed","ping_status":"closed","sticky":false,"template":"","format":"standard","meta":{"_jetpack_memberships_contains_paid_content":false,"footnotes":""},"categories":[10],"tags":[],"class_list":["post-1525","post","type-post","status-publish","format-standard","hentry","category-matthaeus"],"jetpack_featured_media_url":"","jetpack_sharing_enabled":true,"_links":{"self":[{"href":"https:\/\/freiebaptistenkw.de\/index.php\/wp-json\/wp\/v2\/posts\/1525","targetHints":{"allow":["GET"]}}],"collection":[{"href":"https:\/\/freiebaptistenkw.de\/index.php\/wp-json\/wp\/v2\/posts"}],"about":[{"href":"https:\/\/freiebaptistenkw.de\/index.php\/wp-json\/wp\/v2\/types\/post"}],"author":[{"embeddable":true,"href":"https:\/\/freiebaptistenkw.de\/index.php\/wp-json\/wp\/v2\/users\/1"}],"replies":[{"embeddable":true,"href":"https:\/\/freiebaptistenkw.de\/index.php\/wp-json\/wp\/v2\/comments?post=1525"}],"version-history":[{"count":1,"href":"https:\/\/freiebaptistenkw.de\/index.php\/wp-json\/wp\/v2\/posts\/1525\/revisions"}],"predecessor-version":[{"id":1526,"href":"https:\/\/freiebaptistenkw.de\/index.php\/wp-json\/wp\/v2\/posts\/1525\/revisions\/1526"}],"wp:attachment":[{"href":"https:\/\/freiebaptistenkw.de\/index.php\/wp-json\/wp\/v2\/media?parent=1525"}],"wp:term":[{"taxonomy":"category","embeddable":true,"href":"https:\/\/freiebaptistenkw.de\/index.php\/wp-json\/wp\/v2\/categories?post=1525"},{"taxonomy":"post_tag","embeddable":true,"href":"https:\/\/freiebaptistenkw.de\/index.php\/wp-json\/wp\/v2\/tags?post=1525"}],"curies":[{"name":"wp","href":"https:\/\/api.w.org\/{rel}","templated":true}]}}